{"id":5989,"date":"2019-08-21T16:00:16","date_gmt":"2019-08-21T20:00:16","guid":{"rendered":"http:\/\/www.rangersdetalca.com\/portal\/?p=5989"},"modified":"2019-08-21T22:58:39","modified_gmt":"2019-08-22T02:58:39","slug":"bajter-llega-para-ser-caudillo","status":"publish","type":"post","link":"https:\/\/www.rangersdetalca.com\/portal\/bajter-llega-para-ser-caudillo","title":{"rendered":"BAJTER: \u00abVENGO A DAR LO MEJOR\u00bb."},"content":{"rendered":"<p>Lleg\u00f3 proveniente de su natal Uruguay la noche del martes, horas despu\u00e9s ya entrenaba con sus nuevos compa\u00f1eros y probablemente integrar\u00e1 la n\u00f3mina de viajeros para el duelo ante Puerto Montt. Es Maximiliano Bajter, quien llega desde el Liverpool de su pa\u00eds, volante mixto de 33 a\u00f1os \u00faltima incorporaci\u00f3n de Rangers que firm\u00f3 contrato por un a\u00f1o y medio con la instituci\u00f3n.<\/p>\n<p><img decoding=\"async\" data-src=\"http:\/\/www.rangersdetalca.com\/portal\/wp-content\/uploads\/2019\/08\/IMG_3712-1024x768.jpg\" alt=\"La imagen tiene un atributo ALT vac\u00c3\u00ado; su nombre de archivo es IMG_3712-1024x768.jpg\" src=\"data:image\/svg+xml;base64,PHN2ZyB3aWR0aD0iMSIgaGVpZ2h0PSIxIiB4bWxucz0iaHR0cDovL3d3dy53My5vcmcvMjAwMC9zdmciPjwvc3ZnPg==\" class=\"lazyload\" style=\"--smush-placeholder-width: 1024px; --smush-placeholder-aspect-ratio: 1024\/768;\"><\/p>\n<p>Ya estuvo en Chile en en el a\u00f1os 2013 y luego en el 2015 en Uni\u00f3n La Calera. Se reencuentra con dos ex compa\u00f1eros; con Pablo Pereira jug\u00f3 en Pe\u00f1arol, club en el cual se form\u00f3 y a Jos\u00e9 Barrera lo tuvo como compa\u00f1ero en su paso por nuestro pa\u00eds.<\/p>\n<p><img decoding=\"async\" data-src=\"http:\/\/www.rangersdetalca.com\/portal\/wp-content\/uploads\/2019\/08\/IMG_3710-1024x768.jpg\" alt=\"La imagen tiene un atributo ALT vac\u00c3\u00ado; su nombre de archivo es IMG_3710-1024x768.jpg\" src=\"data:image\/svg+xml;base64,PHN2ZyB3aWR0aD0iMSIgaGVpZ2h0PSIxIiB4bWxucz0iaHR0cDovL3d3dy53My5vcmcvMjAwMC9zdmciPjwvc3ZnPg==\" class=\"lazyload\" style=\"--smush-placeholder-width: 1024px; --smush-placeholder-aspect-ratio: 1024\/768;\"><\/p>\n<p>\u00bfC\u00f3mo llega en aspectos f\u00edsico y futbol\u00edstico?<\/p>\n<p>\u00abEstaba jugando en el torneo Intermedio que se juega entre el Apertura y Clausura, estuve a la orden en los \u00faltimos partidos, llego con ganas de meterme r\u00e1pido en el grupo y con mucha ilusi\u00f3n\u00bb<\/p>\n<p>\u00bfQu\u00e9 sabe de Rangers?<\/p>\n<p>\u00abS\u00e9 que es una muy buena instituci\u00f3n, que por circunstancias se encuentra en la segunda categor\u00eda, cuando lo enfrent\u00e9 el 2013 estaba en Primera, s\u00e9 que tiene una gran hinchada, conozco el estadio as\u00ed que espero salga todo bien\u00bb.<\/p>\n<p>\u00bfQu\u00e9 le puedes decir al hincha de Rangers?<\/p>\n<p>\u00abVengo a dar lo mejor, aportar con mi granito de arena, siempre dar lo mejor y dejar todo en la cancha\u00bb.<\/p>\n<p><img decoding=\"async\" data-src=\"http:\/\/www.rangersdetalca.com\/portal\/wp-content\/uploads\/2019\/08\/IMG_3716-1024x768.jpg\" alt=\"La imagen tiene un atributo ALT vac\u00c3\u00ado; su nombre de archivo es IMG_3716-1024x768.jpg\" src=\"data:image\/svg+xml;base64,PHN2ZyB3aWR0aD0iMSIgaGVpZ2h0PSIxIiB4bWxucz0iaHR0cDovL3d3dy53My5vcmcvMjAwMC9zdmciPjwvc3ZnPg==\" class=\"lazyload\" style=\"--smush-placeholder-width: 1024px; --smush-placeholder-aspect-ratio: 1024\/768;\"><\/p>\n<p>\u00bfPorqu\u00e9 lo apodan Pipi?<\/p>\n<p>\u00abDe las juveniles de Pe\u00f1arol, por un corte de pelo como (Leandro) Romagnoli de ah\u00ed&#8230; en Uruguay me conocen por el Pipi\u00bb<\/p>\n<p>Desde el inicio el charr\u00faa demostr\u00f3 disposici\u00f3n al trabajo y a insertarse r\u00e1pidamente en el grupo. De acuerdo a lo que se le vio en nuestro pa\u00eds seguramente ser\u00e1 uno de los jugadores que impondr\u00e1 su sello en el mediocampo del Rojinegro.<br \/>\n,<\/p>\n","protected":false},"excerpt":{"rendered":"<p>Lleg\u00f3 proveniente de su natal Uruguay la noche del martes, horas despu\u00e9s ya entrenaba con sus nuevos compa\u00f1eros y probablemente integrar\u00e1 la n\u00f3mina de viajeros para el duelo ante Puerto Montt. Es Maximiliano Bajter, quien llega desde el Liverpool de su pa\u00eds, volante mixto de 33 a\u00f1os \u00faltima incorporaci\u00f3n de Rangers que firm\u00f3 contrato por&#8230;<\/p>\n","protected":false},"author":1,"featured_media":6000,"comment_status":"closed","ping_status":"closed","sticky":false,"template":"","format":"standard","meta":{"footnotes":""},"categories":[6],"tags":[],"class_list":["post-5989","post","type-post","status-publish","format-standard","has-post-thumbnail","hentry","category-noticias"],"rttpg_featured_image_url":{"full":["https:\/\/www.rangersdetalca.com\/portal\/wp-content\/uploads\/2019\/08\/IMG-3344.jpg",3264,2448,false],"landscape":["https:\/\/www.rangersdetalca.com\/portal\/wp-content\/uploads\/2019\/08\/IMG-3344.jpg",3264,2448,false],"portraits":["https:\/\/www.rangersdetalca.com\/portal\/wp-content\/uploads\/2019\/08\/IMG-3344.jpg",3264,2448,false],"thumbnail":["https:\/\/www.rangersdetalca.com\/portal\/wp-content\/uploads\/2019\/08\/IMG-3344-150x150.jpg",150,150,true],"medium":["https:\/\/www.rangersdetalca.com\/portal\/wp-content\/uploads\/2019\/08\/IMG-3344-300x225.jpg",300,225,true],"large":["https:\/\/www.rangersdetalca.com\/portal\/wp-content\/uploads\/2019\/08\/IMG-3344-1024x768.jpg",1024,768,true],"1536x1536":["https:\/\/www.rangersdetalca.com\/portal\/wp-content\/uploads\/2019\/08\/IMG-3344.jpg",1536,1152,false],"2048x2048":["https:\/\/www.rangersdetalca.com\/portal\/wp-content\/uploads\/2019\/08\/IMG-3344.jpg",2048,1536,false],"stm-1140-666":["https:\/\/www.rangersdetalca.com\/portal\/wp-content\/uploads\/2019\/08\/IMG-3344.jpg",888,666,false],"stm-1170-650":["https:\/\/www.rangersdetalca.com\/portal\/wp-content\/uploads\/2019\/08\/IMG-3344.jpg",867,650,false],"stm-570-350":["https:\/\/www.rangersdetalca.com\/portal\/wp-content\/uploads\/2019\/08\/IMG-3344.jpg",467,350,false],"stm-570-250":["https:\/\/www.rangersdetalca.com\/portal\/wp-content\/uploads\/2019\/08\/IMG-3344.jpg",333,250,false],"stm-270-370":["https:\/\/www.rangersdetalca.com\/portal\/wp-content\/uploads\/2019\/08\/IMG-3344.jpg",270,203,false],"stm-540-500":["https:\/\/www.rangersdetalca.com\/portal\/wp-content\/uploads\/2019\/08\/IMG-3344.jpg",540,405,false],"stm-270-530":["https:\/\/www.rangersdetalca.com\/portal\/wp-content\/uploads\/2019\/08\/IMG-3344.jpg",270,203,false],"stm-200-200":["https:\/\/www.rangersdetalca.com\/portal\/wp-content\/uploads\/2019\/08\/IMG-3344.jpg",200,150,false],"stm-85-105":["https:\/\/www.rangersdetalca.com\/portal\/wp-content\/uploads\/2019\/08\/IMG-3344.jpg",85,64,false],"stm-255-255":["https:\/\/www.rangersdetalca.com\/portal\/wp-content\/uploads\/2019\/08\/IMG-3344.jpg",255,191,false],"stm-360-240":["https:\/\/www.rangersdetalca.com\/portal\/wp-content\/uploads\/2019\/08\/IMG-3344.jpg",320,240,false],"stm-360-495":["https:\/\/www.rangersdetalca.com\/portal\/wp-content\/uploads\/2019\/08\/IMG-3344.jpg",360,270,false],"stm-445-400":["https:\/\/www.rangersdetalca.com\/portal\/wp-content\/uploads\/2019\/08\/IMG-3344.jpg",445,334,false],"stm-735-240":["https:\/\/www.rangersdetalca.com\/portal\/wp-content\/uploads\/2019\/08\/IMG-3344.jpg",320,240,false],"stm-255-183":["https:\/\/www.rangersdetalca.com\/portal\/wp-content\/uploads\/2019\/08\/IMG-3344.jpg",244,183,false],"stm-350-250":["https:\/\/www.rangersdetalca.com\/portal\/wp-content\/uploads\/2019\/08\/IMG-3344.jpg",333,250,false],"blog_list":["https:\/\/www.rangersdetalca.com\/portal\/wp-content\/uploads\/2019\/08\/IMG-3344.jpg",270,203,false],"blog_list_medium":["https:\/\/www.rangersdetalca.com\/portal\/wp-content\/uploads\/2019\/08\/IMG-3344.jpg",390,293,false],"gallery_thumbnail":["https:\/\/www.rangersdetalca.com\/portal\/wp-content\/uploads\/2019\/08\/IMG-3344.jpg",80,60,false],"gallery_image":["https:\/\/www.rangersdetalca.com\/portal\/wp-content\/uploads\/2019\/08\/IMG-3344.jpg",489,367,false],"gallery_image_mini":["https:\/\/www.rangersdetalca.com\/portal\/wp-content\/uploads\/2019\/08\/IMG-3344.jpg",143,107,false],"player_photo":["https:\/\/www.rangersdetalca.com\/portal\/wp-content\/uploads\/2019\/08\/IMG-3344.jpg",740,555,false],"team_logo":["https:\/\/www.rangersdetalca.com\/portal\/wp-content\/uploads\/2019\/08\/IMG-3344.jpg",98,74,false],"player_stat_ava":["https:\/\/www.rangersdetalca.com\/portal\/wp-content\/uploads\/2019\/08\/IMG-3344.jpg",550,413,false],"post-350-220":["https:\/\/www.rangersdetalca.com\/portal\/wp-content\/uploads\/2019\/08\/IMG-3344.jpg",293,220,false],"post-275-142":["https:\/\/www.rangersdetalca.com\/portal\/wp-content\/uploads\/2019\/08\/IMG-3344.jpg",189,142,false],"post-160-120":["https:\/\/www.rangersdetalca.com\/portal\/wp-content\/uploads\/2019\/08\/IMG-3344.jpg",160,120,false],"post-110-70":["https:\/\/www.rangersdetalca.com\/portal\/wp-content\/uploads\/2019\/08\/IMG-3344.jpg",93,70,false],"post-770-450":["https:\/\/www.rangersdetalca.com\/portal\/wp-content\/uploads\/2019\/08\/IMG-3344.jpg",600,450,false],"post-370-210":["https:\/\/www.rangersdetalca.com\/portal\/wp-content\/uploads\/2019\/08\/IMG-3344.jpg",280,210,false],"post-457-470":["https:\/\/www.rangersdetalca.com\/portal\/wp-content\/uploads\/2019\/08\/IMG-3344.jpg",457,343,false],"post-370-420":["https:\/\/www.rangersdetalca.com\/portal\/wp-content\/uploads\/2019\/08\/IMG-3344.jpg",370,278,false],"stm-445-445":["https:\/\/www.rangersdetalca.com\/portal\/wp-content\/uploads\/2019\/08\/IMG-3344.jpg",445,334,false],"stm-555-460":["https:\/\/www.rangersdetalca.com\/portal\/wp-content\/uploads\/2019\/08\/IMG-3344.jpg",555,416,false],"stm-350-450":["https:\/\/www.rangersdetalca.com\/portal\/wp-content\/uploads\/2019\/08\/IMG-3344.jpg",350,263,false],"stm-720-440":["https:\/\/www.rangersdetalca.com\/portal\/wp-content\/uploads\/2019\/08\/IMG-3344.jpg",587,440,false],"stm-270-270":["https:\/\/www.rangersdetalca.com\/portal\/wp-content\/uploads\/2019\/08\/IMG-3344.jpg",270,203,false],"stm-760-450":["https:\/\/www.rangersdetalca.com\/portal\/wp-content\/uploads\/2019\/08\/IMG-3344.jpg",600,450,false]},"rttpg_author":{"display_name":"Rangers de Talca","author_link":"https:\/\/www.rangersdetalca.com\/portal\/author\/capitan"},"rttpg_comment":0,"rttpg_category":"<a href=\"https:\/\/www.rangersdetalca.com\/portal\/category\/noticias\" rel=\"category tag\">Noticias<\/a>","rttpg_excerpt":"Lleg\u00f3 proveniente de su natal Uruguay la noche del martes, horas despu\u00e9s ya entrenaba con sus nuevos compa\u00f1eros y probablemente integrar\u00e1 la n\u00f3mina de viajeros para el duelo ante Puerto Montt. Es Maximiliano Bajter, quien llega desde el Liverpool de su pa\u00eds, volante mixto de 33 a\u00f1os \u00faltima incorporaci\u00f3n de Rangers que firm\u00f3 contrato por...","_links":{"self":[{"href":"https:\/\/www.rangersdetalca.com\/portal\/wp-json\/wp\/v2\/posts\/5989","targetHints":{"allow":["GET"]}}],"collection":[{"href":"https:\/\/www.rangersdetalca.com\/portal\/wp-json\/wp\/v2\/posts"}],"about":[{"href":"https:\/\/www.rangersdetalca.com\/portal\/wp-json\/wp\/v2\/types\/post"}],"author":[{"embeddable":true,"href":"https:\/\/www.rangersdetalca.com\/portal\/wp-json\/wp\/v2\/users\/1"}],"replies":[{"embeddable":true,"href":"https:\/\/www.rangersdetalca.com\/portal\/wp-json\/wp\/v2\/comments?post=5989"}],"version-history":[{"count":6,"href":"https:\/\/www.rangersdetalca.com\/portal\/wp-json\/wp\/v2\/posts\/5989\/revisions"}],"predecessor-version":[{"id":6001,"href":"https:\/\/www.rangersdetalca.com\/portal\/wp-json\/wp\/v2\/posts\/5989\/revisions\/6001"}],"wp:featuredmedia":[{"embeddable":true,"href":"https:\/\/www.rangersdetalca.com\/portal\/wp-json\/wp\/v2\/media\/6000"}],"wp:attachment":[{"href":"https:\/\/www.rangersdetalca.com\/portal\/wp-json\/wp\/v2\/media?parent=5989"}],"wp:term":[{"taxonomy":"category","embeddable":true,"href":"https:\/\/www.rangersdetalca.com\/portal\/wp-json\/wp\/v2\/categories?post=5989"},{"taxonomy":"post_tag","embeddable":true,"href":"https:\/\/www.rangersdetalca.com\/portal\/wp-json\/wp\/v2\/tags?post=5989"}],"curies":[{"name":"wp","href":"https:\/\/api.w.org\/{rel}","templated":true}]}}